{"id":6,"date":"2015-03-10T10:42:19","date_gmt":"2015-03-10T08:42:19","guid":{"rendered":"http:\/\/www.eliseparre.net\/?p=6"},"modified":"2023-10-30T01:40:41","modified_gmt":"2023-10-29T23:40:41","slug":"double-ciel","status":"publish","type":"post","link":"http:\/\/www.eliseparre.net\/?p=6","title":{"rendered":"Double Ciel"},"content":{"rendered":"<p>Ce multiple \u00e9tait mis \u00e0 disposition du public lors de l\u2019exposition DLH aux Salaisons. L\u2019image est une vue de juke-box de l\u2019ext\u00e9rieur et de l\u2019int\u00e9rieur avec les titres des chansons parfois recopi\u00e9s \u00e0 la main par la patronne du bar. Au verso, j\u2019ai \u00e9crit un texte o\u00f9 s\u2019entrecroisent diff\u00e9rents niveaux de paroles et de r\u00e9flexions en relation avec la ville<br \/>\ndu Havre et celle d\u2019Ivry-sur-Seine. Une toponymie commune et le passage de Youri Gagarine sont deux exemples de ce raccourci g\u00e9ographique.<\/p>\n<p><a href=\"http:\/\/www.eliseparre.net\/wp-content\/uploads\/2015\/03\/Double_Ciel_1.jpg\"><img loading=\"lazy\" decoding=\"async\" class=\"alignnone wp-image-8 size-full\" src=\"http:\/\/www.eliseparre.net\/wp-content\/uploads\/2015\/03\/Double_Ciel_1.jpg\" alt=\"Une page recto verso, offset,  24 x 30&nbsp;cm, 500 exemplaires,  Les Salaisons \u00e9diteur, 2008\" data-id=\"8\" width=\"800\" height=\"564\" srcset=\"http:\/\/www.eliseparre.net\/wp-content\/uploads\/2015\/03\/Double_Ciel_1.jpg 800w, http:\/\/www.eliseparre.net\/wp-content\/uploads\/2015\/03\/Double_Ciel_1-300x212.jpg 300w\" sizes=\"auto, (max-width: 800px) 100vw, 800px\" \/><\/a><\/p>\n<p><a href=\"http:\/\/www.eliseparre.net\/wp-content\/uploads\/2015\/03\/Double_Ciel_2.jpg\"><img loading=\"lazy\" decoding=\"async\" class=\"alignnone size-full wp-image-7\" src=\"http:\/\/www.eliseparre.net\/wp-content\/uploads\/2015\/03\/Double_Ciel_2.jpg\" alt=\"Double_Ciel_2\" data-id=\"7\" width=\"800\" height=\"564\" srcset=\"http:\/\/www.eliseparre.net\/wp-content\/uploads\/2015\/03\/Double_Ciel_2.jpg 800w, http:\/\/www.eliseparre.net\/wp-content\/uploads\/2015\/03\/Double_Ciel_2-300x212.jpg 300w\" sizes=\"auto, (max-width: 800px) 100vw, 800px\" \/><\/a><\/p>\n<p>Une page recto verso, offset, 24 x 30&nbsp;cm, 500 exemplaires, Les Salaisons \u00e9diteur, 2008.<\/p>\n","protected":false},"excerpt":{"rendered":"<p>Ce multiple \u00e9tait mis \u00e0 disposition du public lors de l\u2019exposition DLH aux Salaisons. L\u2019image est une vue de juke-box de l\u2019ext\u00e9rieur et de l\u2019int\u00e9rieur avec les titres des chansons parfois recopi\u00e9s \u00e0 la main par la patronne du bar. Au verso, j\u2019ai \u00e9crit un texte o\u00f9 s\u2019entrecroisent diff\u00e9rents niveaux de paroles et de r\u00e9flexions [&hellip;]<\/p>\n","protected":false},"author":1,"featured_media":601,"comment_status":"closed","ping_status":"closed","sticky":false,"template":"","format":"standard","meta":{"footnotes":""},"categories":[2],"tags":[],"class_list":["post-6","post","type-post","status-publish","format-standard","has-post-thumbnail","hentry","category-editions"],"_links":{"self":[{"href":"http:\/\/www.eliseparre.net\/index.php?rest_route=\/wp\/v2\/posts\/6","targetHints":{"allow":["GET"]}}],"collection":[{"href":"http:\/\/www.eliseparre.net\/index.php?rest_route=\/wp\/v2\/posts"}],"about":[{"href":"http:\/\/www.eliseparre.net\/index.php?rest_route=\/wp\/v2\/types\/post"}],"author":[{"embeddable":true,"href":"http:\/\/www.eliseparre.net\/index.php?rest_route=\/wp\/v2\/users\/1"}],"replies":[{"embeddable":true,"href":"http:\/\/www.eliseparre.net\/index.php?rest_route=%2Fwp%2Fv2%2Fcomments&post=6"}],"version-history":[{"count":9,"href":"http:\/\/www.eliseparre.net\/index.php?rest_route=\/wp\/v2\/posts\/6\/revisions"}],"predecessor-version":[{"id":602,"href":"http:\/\/www.eliseparre.net\/index.php?rest_route=\/wp\/v2\/posts\/6\/revisions\/602"}],"wp:featuredmedia":[{"embeddable":true,"href":"http:\/\/www.eliseparre.net\/index.php?rest_route=\/wp\/v2\/media\/601"}],"wp:attachment":[{"href":"http:\/\/www.eliseparre.net\/index.php?rest_route=%2Fwp%2Fv2%2Fmedia&parent=6"}],"wp:term":[{"taxonomy":"category","embeddable":true,"href":"http:\/\/www.eliseparre.net\/index.php?rest_route=%2Fwp%2Fv2%2Fcategories&post=6"},{"taxonomy":"post_tag","embeddable":true,"href":"http:\/\/www.eliseparre.net\/index.php?rest_route=%2Fwp%2Fv2%2Ftags&post=6"}],"curies":[{"name":"wp","href":"https:\/\/api.w.org\/{rel}","templated":true}]}}