{"id":147,"date":"2015-03-16T23:17:39","date_gmt":"2015-03-16T23:17:39","guid":{"rendered":"http:\/\/www.eliseparre.net\/?p=147"},"modified":"2022-02-26T13:40:00","modified_gmt":"2022-02-26T11:40:00","slug":"chez","status":"publish","type":"post","link":"https:\/\/www.eliseparre.net\/?p=147","title":{"rendered":"Chez"},"content":{"rendered":"<p>Il s\u2019agit d\u2019un cube compos\u00e9 de six portes isoplanes d\u2019habitat collectif sur lesquels se trouvent six \u0153illetons tourn\u00e9s vers l\u2019ext\u00e9rieur. Une planche surmont\u00e9e de deux volumes en pl\u00e2tre est pos\u00e9e en \u00e9quilibre sur la partie sup\u00e9rieure du cube.<\/p>\n<p><a href=\"http:\/\/www.eliseparre.net\/wp-content\/uploads\/2015\/03\/Chez_2.jpg\"><img loading=\"lazy\" decoding=\"async\" class=\"alignnone size-medium wp-image-149\" src=\"http:\/\/www.eliseparre.net\/wp-content\/uploads\/2015\/03\/Chez_2-800x532.jpg\" alt=\"Chez_2\" data-id=\"149\" width=\"800\" height=\"532\" srcset=\"https:\/\/www.eliseparre.net\/wp-content\/uploads\/2015\/03\/Chez_2-800x532.jpg 800w, https:\/\/www.eliseparre.net\/wp-content\/uploads\/2015\/03\/Chez_2.jpg 900w\" sizes=\"auto, (max-width: 800px) 100vw, 800px\" \/><\/a><a href=\"http:\/\/www.eliseparre.net\/wp-content\/uploads\/2015\/03\/Chez_1.jpg\"><img loading=\"lazy\" decoding=\"async\" class=\"alignnone size-medium wp-image-148\" src=\"http:\/\/www.eliseparre.net\/wp-content\/uploads\/2015\/03\/Chez_1-800x532.jpg\" alt=\"Chez_1\" data-id=\"148\" width=\"800\" height=\"532\" srcset=\"https:\/\/www.eliseparre.net\/wp-content\/uploads\/2015\/03\/Chez_1-800x532.jpg 800w, https:\/\/www.eliseparre.net\/wp-content\/uploads\/2015\/03\/Chez_1.jpg 900w\" sizes=\"auto, (max-width: 800px) 100vw, 800px\" \/><\/a><\/p>\n<p>Cube&nbsp;: portes isoplanes d\u00e9coup\u00e9es, 73 x&nbsp;73 x 73&nbsp;cm, \u0153illetons, planche en bois peint, 100 x&nbsp;20 x 1,5&nbsp;cm, volumes blancs en pl\u00e2tre, 10,5 x&nbsp;7,5 x 24&nbsp;cm, 2007.<\/p>\n","protected":false},"excerpt":{"rendered":"<p>Il s\u2019agit d\u2019un cube compos\u00e9 de six portes isoplanes d\u2019habitat collectif sur lesquels se trouvent six \u0153illetons tourn\u00e9s vers l\u2019ext\u00e9rieur. Une planche surmont\u00e9e de deux volumes en pl\u00e2tre est pos\u00e9e en \u00e9quilibre sur la partie sup\u00e9rieure du cube. Cube&nbsp;: portes isoplanes d\u00e9coup\u00e9es, 73 x&nbsp;73 x 73&nbsp;cm, \u0153illetons, planche en bois peint, 100 x&nbsp;20 x 1,5&nbsp;cm, [&hellip;]<\/p>\n","protected":false},"author":1,"featured_media":603,"comment_status":"closed","ping_status":"closed","sticky":false,"template":"","format":"standard","meta":{"footnotes":""},"categories":[17],"tags":[],"class_list":["post-147","post","type-post","status-publish","format-standard","has-post-thumbnail","hentry","category-sculptures"],"_links":{"self":[{"href":"https:\/\/www.eliseparre.net\/index.php?rest_route=\/wp\/v2\/posts\/147","targetHints":{"allow":["GET"]}}],"collection":[{"href":"https:\/\/www.eliseparre.net\/index.php?rest_route=\/wp\/v2\/posts"}],"about":[{"href":"https:\/\/www.eliseparre.net\/index.php?rest_route=\/wp\/v2\/types\/post"}],"author":[{"embeddable":true,"href":"https:\/\/www.eliseparre.net\/index.php?rest_route=\/wp\/v2\/users\/1"}],"replies":[{"embeddable":true,"href":"https:\/\/www.eliseparre.net\/index.php?rest_route=%2Fwp%2Fv2%2Fcomments&post=147"}],"version-history":[{"count":4,"href":"https:\/\/www.eliseparre.net\/index.php?rest_route=\/wp\/v2\/posts\/147\/revisions"}],"predecessor-version":[{"id":604,"href":"https:\/\/www.eliseparre.net\/index.php?rest_route=\/wp\/v2\/posts\/147\/revisions\/604"}],"wp:featuredmedia":[{"embeddable":true,"href":"https:\/\/www.eliseparre.net\/index.php?rest_route=\/wp\/v2\/media\/603"}],"wp:attachment":[{"href":"https:\/\/www.eliseparre.net\/index.php?rest_route=%2Fwp%2Fv2%2Fmedia&parent=147"}],"wp:term":[{"taxonomy":"category","embeddable":true,"href":"https:\/\/www.eliseparre.net\/index.php?rest_route=%2Fwp%2Fv2%2Fcategories&post=147"},{"taxonomy":"post_tag","embeddable":true,"href":"https:\/\/www.eliseparre.net\/index.php?rest_route=%2Fwp%2Fv2%2Ftags&post=147"}],"curies":[{"name":"wp","href":"https:\/\/api.w.org\/{rel}","templated":true}]}}