{"id":37,"date":"2015-03-10T15:42:22","date_gmt":"2015-03-10T15:42:22","guid":{"rendered":"http:\/\/www.eliseparre.net\/?p=37"},"modified":"2015-04-17T16:41:12","modified_gmt":"2015-04-17T16:41:12","slug":"je-me-remember","status":"publish","type":"post","link":"https:\/\/www.eliseparre.net\/?p=37","title":{"rendered":"Je me remember"},"content":{"rendered":"<p>\u00ab\u00a0Je me remember\u00a0\u00bb est un texte \u00e9crit en 2000.\u00a0Il fait suite au livre de Georges Perec \u00ab\u00a0Je me souviens\u00a0\u00bb lui-m\u00eame inspir\u00e9 du livre de Joe Brainard \u00ab\u00a0I\u00a0remember\u00a0\u00bb. Le livre de Perec travaille la m\u00e9moire collective, celui de Brainard aborde le souvenir de fa\u00e7on tr\u00e8s intimiste. \u00ab\u00a0Je me remember\u00a0\u00bb tente de r\u00e9unir ces deux approches.\u00a0Travail de m\u00e9moire et histoire parall\u00e8le pour ma g\u00e9n\u00e9ration, \u00e9crit durant le changement de mill\u00e9naire et la disparition de mes parents.<\/p>\n<p>Ce texte\u00a0a donn\u00e9 lieu \u00e0 une performance \u00e0 Public en 2001,\u00a0un cd de l&rsquo;enregistrement a \u00e9t\u00e9 \u00e9dit\u00e9 \u00e0 l&rsquo;occasion, \u00a0il a \u00e9galement\u00a0\u00e9t\u00e9 publi\u00e9 dans les Inrockuptibles.<\/p>\n<p>&nbsp;<\/p>\n<p>&nbsp;<\/p>\n<p><a href=\"http:\/\/www.eliseparre.net\/wp-content\/uploads\/2015\/03\/CD_Je_me_remember_001.jpg\"><img loading=\"lazy\" decoding=\"async\" class=\"alignnone size-medium wp-image-38\" src=\"http:\/\/www.eliseparre.net\/wp-content\/uploads\/2015\/03\/CD_Je_me_remember_001-300x266.jpg\" alt=\"CD_Je_me_remember_001\" width=\"300\" height=\"266\" srcset=\"https:\/\/www.eliseparre.net\/wp-content\/uploads\/2015\/03\/CD_Je_me_remember_001-300x266.jpg 300w, https:\/\/www.eliseparre.net\/wp-content\/uploads\/2015\/03\/CD_Je_me_remember_001.jpg 563w\" sizes=\"auto, (max-width: 300px) 100vw, 300px\" \/><\/a> <a href=\"http:\/\/www.eliseparre.net\/wp-content\/uploads\/2015\/03\/CD_Je_me_remember_002.jpg\"><img loading=\"lazy\" decoding=\"async\" class=\"alignnone size-medium wp-image-39\" src=\"http:\/\/www.eliseparre.net\/wp-content\/uploads\/2015\/03\/CD_Je_me_remember_002-300x266.jpg\" alt=\"CD_Je_me_remember_002\" width=\"300\" height=\"266\" srcset=\"https:\/\/www.eliseparre.net\/wp-content\/uploads\/2015\/03\/CD_Je_me_remember_002-300x266.jpg 300w, https:\/\/www.eliseparre.net\/wp-content\/uploads\/2015\/03\/CD_Je_me_remember_002.jpg 563w\" sizes=\"auto, (max-width: 300px) 100vw, 300px\" \/><\/a><\/p>\n","protected":false},"excerpt":{"rendered":"<p>\u00ab\u00a0Je me remember\u00a0\u00bb est un texte \u00e9crit en 2000.\u00a0Il fait suite au livre de Georges Perec \u00ab\u00a0Je me souviens\u00a0\u00bb lui-m\u00eame inspir\u00e9 du livre de Joe Brainard \u00ab\u00a0I\u00a0remember\u00a0\u00bb. Le livre de Perec travaille la m\u00e9moire collective, celui de Brainard aborde le souvenir de fa\u00e7on tr\u00e8s intimiste. \u00ab\u00a0Je me remember\u00a0\u00bb tente de r\u00e9unir ces deux approches.\u00a0Travail de [&hellip;]<\/p>\n","protected":false},"author":1,"featured_media":57,"comment_status":"closed","ping_status":"closed","sticky":false,"template":"","format":"standard","meta":{"footnotes":""},"categories":[2,18],"tags":[],"class_list":["post-37","post","type-post","status-publish","format-standard","has-post-thumbnail","hentry","category-editions","category-travaux"],"_links":{"self":[{"href":"https:\/\/www.eliseparre.net\/index.php?rest_route=\/wp\/v2\/posts\/37","targetHints":{"allow":["GET"]}}],"collection":[{"href":"https:\/\/www.eliseparre.net\/index.php?rest_route=\/wp\/v2\/posts"}],"about":[{"href":"https:\/\/www.eliseparre.net\/index.php?rest_route=\/wp\/v2\/types\/post"}],"author":[{"embeddable":true,"href":"https:\/\/www.eliseparre.net\/index.php?rest_route=\/wp\/v2\/users\/1"}],"replies":[{"embeddable":true,"href":"https:\/\/www.eliseparre.net\/index.php?rest_route=%2Fwp%2Fv2%2Fcomments&post=37"}],"version-history":[{"count":3,"href":"https:\/\/www.eliseparre.net\/index.php?rest_route=\/wp\/v2\/posts\/37\/revisions"}],"predecessor-version":[{"id":453,"href":"https:\/\/www.eliseparre.net\/index.php?rest_route=\/wp\/v2\/posts\/37\/revisions\/453"}],"wp:featuredmedia":[{"embeddable":true,"href":"https:\/\/www.eliseparre.net\/index.php?rest_route=\/wp\/v2\/media\/57"}],"wp:attachment":[{"href":"https:\/\/www.eliseparre.net\/index.php?rest_route=%2Fwp%2Fv2%2Fmedia&parent=37"}],"wp:term":[{"taxonomy":"category","embeddable":true,"href":"https:\/\/www.eliseparre.net\/index.php?rest_route=%2Fwp%2Fv2%2Fcategories&post=37"},{"taxonomy":"post_tag","embeddable":true,"href":"https:\/\/www.eliseparre.net\/index.php?rest_route=%2Fwp%2Fv2%2Ftags&post=37"}],"curies":[{"name":"wp","href":"https:\/\/api.w.org\/{rel}","templated":true}]}}