{"id":956,"date":"2025-09-29T01:42:34","date_gmt":"2025-09-28T23:42:34","guid":{"rendered":"https:\/\/www.eliseparre.net\/?p=956"},"modified":"2025-09-29T02:18:27","modified_gmt":"2025-09-29T00:18:27","slug":"la-condition-extra-terrestre","status":"publish","type":"post","link":"https:\/\/www.eliseparre.net\/?p=956","title":{"rendered":"La condition extra terrestre"},"content":{"rendered":"\n<p><\/p>\n\n\n\n<p>Une exposition de l\u2019Observatoire de l\u2019Espace en coproduction avec le Centre Wallonie-Bruxelles\/Paris.<\/p>\n\n\n\n<p>D\u00e9sirs, inqui\u00e9tudes, et introspections, onze artistes mobilisent ces sentiment et nous invitent \u00e0 repenser notre rapport \u00e0 l\u2019espace.<br><br>Sylvie Bonnot, Beno\u00eet G\u00e9hanne, \u00c9lise Parr\u00e9 et Simon Zagari plongent dans l\u2019historicit\u00e9 de la condition extra-terrestre, tandis qu\u2019Am\u00e9lie Bouvier, Annabelle Guetatra, Olivain Porry et Jeanne Susplugas \u00e9tudient l\u2019\u00e9volution de nos mentalit\u00e9s. Enfin, Smith, St\u00e9phane Thidet et Arthur Desmoulin pr\u00e9sentent des \u0153uvres cr\u00e9\u00e9es en impesanteur, offrant une exp\u00e9rience ph\u00e9nom\u00e9nologique de l\u2019Espace.<\/p>\n\n\n\n<figure class=\"wp-block-image size-large\"><img loading=\"lazy\" decoding=\"async\" width=\"1024\" height=\"683\" src=\"http:\/\/www.eliseparre.net\/wp-content\/uploads\/2025\/09\/PA25_DSC8912-1024x683.jpg\" alt=\"\" class=\"wp-image-961\" srcset=\"https:\/\/www.eliseparre.net\/wp-content\/uploads\/2025\/09\/PA25_DSC8912-1024x683.jpg 1024w, https:\/\/www.eliseparre.net\/wp-content\/uploads\/2025\/09\/PA25_DSC8912-800x533.jpg 800w, https:\/\/www.eliseparre.net\/wp-content\/uploads\/2025\/09\/PA25_DSC8912-768x512.jpg 768w, https:\/\/www.eliseparre.net\/wp-content\/uploads\/2025\/09\/PA25_DSC8912-1536x1024.jpg 1536w, https:\/\/www.eliseparre.net\/wp-content\/uploads\/2025\/09\/PA25_DSC8912-2048x1365.jpg 2048w\" sizes=\"auto, (max-width: 1024px) 100vw, 1024px\" \/><figcaption class=\"wp-element-caption\"><em>La Base,<\/em> vid\u00e9o couleur, 10&rsquo;28\u00a0\u00bb, au sol: <em>Strates,<\/em> b\u00e9ton s\u00e9rigraphi\u00e9, 280cm X 100cm X 50cm.<\/figcaption><\/figure>\n\n\n\n<figure class=\"wp-block-image size-large\"><img loading=\"lazy\" decoding=\"async\" width=\"1024\" height=\"683\" src=\"http:\/\/www.eliseparre.net\/wp-content\/uploads\/2025\/09\/PA25_DSC8918-1024x683.jpg\" alt=\"\" class=\"wp-image-962\" srcset=\"https:\/\/www.eliseparre.net\/wp-content\/uploads\/2025\/09\/PA25_DSC8918-1024x683.jpg 1024w, https:\/\/www.eliseparre.net\/wp-content\/uploads\/2025\/09\/PA25_DSC8918-800x533.jpg 800w, https:\/\/www.eliseparre.net\/wp-content\/uploads\/2025\/09\/PA25_DSC8918-768x512.jpg 768w, https:\/\/www.eliseparre.net\/wp-content\/uploads\/2025\/09\/PA25_DSC8918-1536x1024.jpg 1536w, https:\/\/www.eliseparre.net\/wp-content\/uploads\/2025\/09\/PA25_DSC8918-2048x1365.jpg 2048w\" sizes=\"auto, (max-width: 1024px) 100vw, 1024px\" \/><figcaption class=\"wp-element-caption\"><em>Strates,<\/em> b\u00e9ton s\u00e9rigraphi\u00e9, 280cm X 100cm X 50cm.<\/figcaption><\/figure>\n\n\n\n<figure class=\"wp-block-image size-large\"><img loading=\"lazy\" decoding=\"async\" width=\"1024\" height=\"683\" src=\"http:\/\/www.eliseparre.net\/wp-content\/uploads\/2025\/09\/PA25_DSC8870-1024x683.jpg\" alt=\"\" class=\"wp-image-960\" srcset=\"https:\/\/www.eliseparre.net\/wp-content\/uploads\/2025\/09\/PA25_DSC8870-1024x683.jpg 1024w, https:\/\/www.eliseparre.net\/wp-content\/uploads\/2025\/09\/PA25_DSC8870-800x533.jpg 800w, https:\/\/www.eliseparre.net\/wp-content\/uploads\/2025\/09\/PA25_DSC8870-768x512.jpg 768w, https:\/\/www.eliseparre.net\/wp-content\/uploads\/2025\/09\/PA25_DSC8870-1536x1024.jpg 1536w, https:\/\/www.eliseparre.net\/wp-content\/uploads\/2025\/09\/PA25_DSC8870-2048x1365.jpg 2048w\" sizes=\"auto, (max-width: 1024px) 100vw, 1024px\" \/><figcaption class=\"wp-element-caption\">D\u00e9tail<\/figcaption><\/figure>\n\n\n\n<figure class=\"wp-block-image size-large\"><img loading=\"lazy\" decoding=\"async\" width=\"768\" height=\"1024\" src=\"http:\/\/www.eliseparre.net\/wp-content\/uploads\/2025\/09\/PA25_8903_Lo-768x1024.jpg\" alt=\"\" class=\"wp-image-957\" srcset=\"https:\/\/www.eliseparre.net\/wp-content\/uploads\/2025\/09\/PA25_8903_Lo-768x1024.jpg 768w, https:\/\/www.eliseparre.net\/wp-content\/uploads\/2025\/09\/PA25_8903_Lo-450x600.jpg 450w, https:\/\/www.eliseparre.net\/wp-content\/uploads\/2025\/09\/PA25_8903_Lo-1152x1536.jpg 1152w, https:\/\/www.eliseparre.net\/wp-content\/uploads\/2025\/09\/PA25_8903_Lo.jpg 1443w\" sizes=\"auto, (max-width: 768px) 100vw, 768px\" \/><figcaption class=\"wp-element-caption\">La Base, vid\u00e9o couleur, sonore, 10&rsquo;283, date 2019, collection Les Abatoirs, Toulouse<\/figcaption><\/figure>\n\n\n\n<figure class=\"wp-block-image size-large\"><img loading=\"lazy\" decoding=\"async\" width=\"1024\" height=\"683\" src=\"http:\/\/www.eliseparre.net\/wp-content\/uploads\/2025\/09\/Vid_LaBase_1-1024x683.jpg\" alt=\"\" class=\"wp-image-958\" srcset=\"https:\/\/www.eliseparre.net\/wp-content\/uploads\/2025\/09\/Vid_LaBase_1-1024x683.jpg 1024w, https:\/\/www.eliseparre.net\/wp-content\/uploads\/2025\/09\/Vid_LaBase_1-800x534.jpg 800w, https:\/\/www.eliseparre.net\/wp-content\/uploads\/2025\/09\/Vid_LaBase_1-768x512.jpg 768w, https:\/\/www.eliseparre.net\/wp-content\/uploads\/2025\/09\/Vid_LaBase_1.jpg 1357w\" sizes=\"auto, (max-width: 1024px) 100vw, 1024px\" \/><figcaption class=\"wp-element-caption\">Screenshot<\/figcaption><\/figure>\n\n\n\n<figure class=\"wp-block-image size-large\"><img loading=\"lazy\" decoding=\"async\" width=\"1024\" height=\"682\" src=\"http:\/\/www.eliseparre.net\/wp-content\/uploads\/2025\/09\/Vid_LaBase_2-1024x682.jpg\" alt=\"\" class=\"wp-image-959\" srcset=\"https:\/\/www.eliseparre.net\/wp-content\/uploads\/2025\/09\/Vid_LaBase_2-1024x682.jpg 1024w, https:\/\/www.eliseparre.net\/wp-content\/uploads\/2025\/09\/Vid_LaBase_2-800x533.jpg 800w, https:\/\/www.eliseparre.net\/wp-content\/uploads\/2025\/09\/Vid_LaBase_2-768x512.jpg 768w, https:\/\/www.eliseparre.net\/wp-content\/uploads\/2025\/09\/Vid_LaBase_2.jpg 1360w\" sizes=\"auto, (max-width: 1024px) 100vw, 1024px\" \/><figcaption class=\"wp-element-caption\">Screenshot<\/figcaption><\/figure>\n\n\n\n<figure class=\"wp-block-embed is-type-wp-embed is-provider-elise-parr wp-block-embed-elise-parr\"><div class=\"wp-block-embed__wrapper\">\n<blockquote class=\"wp-embedded-content\" data-secret=\"qQbtNv2kC0\"><a href=\"https:\/\/www.eliseparre.net\/?p=810\">La Base [vid\u00e9o]<\/a><\/blockquote><iframe loading=\"lazy\" class=\"wp-embedded-content\" sandbox=\"allow-scripts\" security=\"restricted\" style=\"position: absolute; visibility: hidden;\" title=\"\u00ab\u00a0La Base [vid\u00e9o]\u00a0\u00bb &#8212; Elise Parr\u00e9\" src=\"https:\/\/www.eliseparre.net\/?p=810&#038;embed=true#?secret=gF2R2UBir0#?secret=qQbtNv2kC0\" data-secret=\"qQbtNv2kC0\" width=\"500\" height=\"282\" frameborder=\"0\" marginwidth=\"0\" marginheight=\"0\" scrolling=\"no\"><\/iframe>\n<\/div><\/figure>\n\n\n\n<p><\/p>\n","protected":false},"excerpt":{"rendered":"<p>Une exposition de l\u2019Observatoire de l\u2019Espace en coproduction avec le Centre Wallonie-Bruxelles\/Paris. D\u00e9sirs, inqui\u00e9tudes, et introspections, onze artistes mobilisent ces sentiment et nous invitent \u00e0 repenser notre rapport \u00e0 l\u2019espace. Sylvie Bonnot, Beno\u00eet G\u00e9hanne, \u00c9lise Parr\u00e9 et Simon Zagari plongent dans l\u2019historicit\u00e9 de la condition extra-terrestre, tandis qu\u2019Am\u00e9lie Bouvier, Annabelle Guetatra, Olivain Porry et Jeanne [&hellip;]<\/p>\n","protected":false},"author":1,"featured_media":967,"comment_status":"closed","ping_status":"","sticky":false,"template":"","format":"standard","meta":{"footnotes":""},"categories":[21,17,16,18],"tags":[],"class_list":["post-956","post","type-post","status-publish","format-standard","has-post-thumbnail","hentry","category-installations-expositions","category-sculptures","category-videos","category-travaux"],"_links":{"self":[{"href":"https:\/\/www.eliseparre.net\/index.php?rest_route=\/wp\/v2\/posts\/956","targetHints":{"allow":["GET"]}}],"collection":[{"href":"https:\/\/www.eliseparre.net\/index.php?rest_route=\/wp\/v2\/posts"}],"about":[{"href":"https:\/\/www.eliseparre.net\/index.php?rest_route=\/wp\/v2\/types\/post"}],"author":[{"embeddable":true,"href":"https:\/\/www.eliseparre.net\/index.php?rest_route=\/wp\/v2\/users\/1"}],"replies":[{"embeddable":true,"href":"https:\/\/www.eliseparre.net\/index.php?rest_route=%2Fwp%2Fv2%2Fcomments&post=956"}],"version-history":[{"count":5,"href":"https:\/\/www.eliseparre.net\/index.php?rest_route=\/wp\/v2\/posts\/956\/revisions"}],"predecessor-version":[{"id":971,"href":"https:\/\/www.eliseparre.net\/index.php?rest_route=\/wp\/v2\/posts\/956\/revisions\/971"}],"wp:featuredmedia":[{"embeddable":true,"href":"https:\/\/www.eliseparre.net\/index.php?rest_route=\/wp\/v2\/media\/967"}],"wp:attachment":[{"href":"https:\/\/www.eliseparre.net\/index.php?rest_route=%2Fwp%2Fv2%2Fmedia&parent=956"}],"wp:term":[{"taxonomy":"category","embeddable":true,"href":"https:\/\/www.eliseparre.net\/index.php?rest_route=%2Fwp%2Fv2%2Fcategories&post=956"},{"taxonomy":"post_tag","embeddable":true,"href":"https:\/\/www.eliseparre.net\/index.php?rest_route=%2Fwp%2Fv2%2Ftags&post=956"}],"curies":[{"name":"wp","href":"https:\/\/api.w.org\/{rel}","templated":true}]}}